{"id":15310,"date":"2026-01-28T16:52:59","date_gmt":"2026-01-28T15:52:59","guid":{"rendered":"https:\/\/acc.ueuromed.org\/2026\/01\/28\/atlasinfo-3e-sommet-des-jeunes-africains-et-euro-mediterraneens-de-luniversite-euromed\/"},"modified":"2026-01-28T16:59:09","modified_gmt":"2026-01-28T15:59:09","slug":"atlasinfo-3e-sommet-des-jeunes-africains-et-euro-mediterraneens-de-luniversite-euromed","status":"publish","type":"post","link":"https:\/\/acc.ueuromed.org\/en\/2026\/01\/28\/atlasinfo-3e-sommet-des-jeunes-africains-et-euro-mediterraneens-de-luniversite-euromed\/","title":{"rendered":"Atlasinfo &#8211; 3\u00e8 sommet des jeunes africains et euro-m\u00e9diterran\u00e9ens de l\u2019Universit\u00e9 Euromed"},"content":{"rendered":"\t\t<div data-elementor-type=\"wp-post\" data-elementor-id=\"15310\" class=\"elementor elementor-15310\">\n\t\t\t\t        <section class=\"elementor-section elementor-top-section elementor-element elementor-element-eeac259 envato-kit-141-top-0 elementor-reverse-mobile elementor-section-boxed elementor-section-height-default elementor-section-height-default exad-glass-effect-no exad-sticky-section-no ct-header-fixed-none ct-row-max-none\" data-id=\"eeac259\" data-element_type=\"section\" data-e-type=\"section\" data-settings=\"{&quot;background_background&quot;:&quot;classic&quot;}\">\n                            <div class=\"elementor-background-overlay\"><\/div>\n                \n                        <div class=\"elementor-container elementor-column-gap-wider \">\n                    <div class=\"elementor-column elementor-col-50 elementor-top-column elementor-element elementor-element-454b9df7 exad-glass-effect-no exad-sticky-section-no\" data-id=\"454b9df7\" data-element_type=\"column\" data-e-type=\"column\">\n        <div class=\"elementor-widget-wrap elementor-element-populated\">\n                    \n        \t\t<div class=\"elementor-element elementor-element-5479e97 exad-sticky-section-no exad-glass-effect-no elementor-invisible elementor-widget elementor-widget-heading\" data-id=\"5479e97\" data-element_type=\"widget\" data-e-type=\"widget\" data-settings=\"{&quot;_animation&quot;:&quot;fadeIn&quot;,&quot;_animation_delay&quot;:50}\" data-widget_type=\"heading.default\">\n\t\t\t\t<div class=\"elementor-widget-container\">\n\t\t\t\t\t<h2 class=\"elementor-heading-title elementor-size-default\">atlasinfo.fr<\/h2>\t\t\t\t<\/div>\n\t\t\t\t<\/div>\n\t\t\t\t<div class=\"elementor-element elementor-element-5d92eeff exad-sticky-section-no exad-glass-effect-no elementor-widget elementor-widget-heading\" data-id=\"5d92eeff\" data-element_type=\"widget\" data-e-type=\"widget\" data-settings=\"{&quot;_animation&quot;:&quot;none&quot;,&quot;_animation_delay&quot;:100}\" data-widget_type=\"heading.default\">\n\t\t\t\t<div class=\"elementor-widget-container\">\n\t\t\t\t\t<h2 class=\"elementor-heading-title elementor-size-default\">3\u00e8 sommet des jeunes africains et euro-m\u00e9diterran\u00e9ens de l\u2019Universit\u00e9 Euromed, le 19 janvier \u00e0 l\u2019Acad\u00e9mie du Royaume<\/h2>\t\t\t\t<\/div>\n\t\t\t\t<\/div>\n\t\t\t\t<div class=\"elementor-element elementor-element-15a7c7ce elementor-widget-divider--view-line exad-sticky-section-no exad-glass-effect-no elementor-invisible elementor-widget elementor-widget-divider\" data-id=\"15a7c7ce\" data-element_type=\"widget\" data-e-type=\"widget\" data-settings=\"{&quot;_animation&quot;:&quot;fadeIn&quot;,&quot;_animation_delay&quot;:150}\" data-widget_type=\"divider.default\">\n\t\t\t\t<div class=\"elementor-widget-container\">\n\t\t\t\t\t\t\t<div class=\"elementor-divider\">\n\t\t\t<span class=\"elementor-divider-separator\">\n\t\t\t\t\t\t<\/span>\n\t\t<\/div>\n\t\t\t\t\t\t<\/div>\n\t\t\t\t<\/div>\n\t\t\t\t<div class=\"elementor-element elementor-element-8adf43 exad-sticky-section-no exad-glass-effect-no elementor-widget elementor-widget-ct_button\" data-id=\"8adf43\" data-element_type=\"widget\" data-e-type=\"widget\" data-widget_type=\"ct_button.default\">\n\t\t\t\t<div class=\"elementor-widget-container\">\n\t\t\t\t\t<div id=\"ct_button-8adf43\" class=\"ct-button-wrapper ct-button-layout1 icon-right btn--inline \">\r\n    <div class=\"ct-inline-css\"  data-css=\"\r\n        \">\r\n    <\/div>\r\n            <span class=\"ct-icon-active\"><\/span>\r\n        <a href=\"https:\/\/atlasinfo.fr\/3e-sommet-des-jeunes-africains-et-euro-mediterraneens-de-luniversite-euromed-le-19-janvier-a-lacademie-du-royaume.html\" target=\"_blank\" class=\"btn btn-effect icon-active btn-inline-block  \" data-wow-delay=\"ms\">\r\n                            <span class=\"ct-button-icon ct-align-icon-right\">\r\n                <i aria-hidden=\"true\" class=\"material zmdi zmdi-link\"><\/i>            <\/span>\r\n                <span class=\"ct-button-text\">Voir L&#039;article Original<\/span>\r\n    <\/a>\r\n<\/div>\t\t\t\t<\/div>\n\t\t\t\t<\/div>\n\t\t            <\/div>\n        <\/div>\n                <div class=\"elementor-column elementor-col-50 elementor-top-column elementor-element elementor-element-30355b6 exad-glass-effect-no exad-sticky-section-no\" data-id=\"30355b6\" data-element_type=\"column\" data-e-type=\"column\">\n        <div class=\"elementor-widget-wrap elementor-element-populated\">\n                    \n        \t\t<div class=\"elementor-element elementor-element-372f3ed5 exad-sticky-section-no exad-glass-effect-no elementor-widget elementor-widget-image\" data-id=\"372f3ed5\" data-element_type=\"widget\" data-e-type=\"widget\" data-widget_type=\"image.default\">\n\t\t\t\t<div class=\"elementor-widget-container\">\n\t\t\t\t\t\t\t\t\t\t\t\t\t\t\t<img fetchpriority=\"high\" decoding=\"async\" width=\"1920\" height=\"1080\" src=\"https:\/\/acc.ueuromed.org\/wp-content\/uploads\/2026\/01\/06.jpg\" class=\"attachment-full size-full wp-image-15303\" alt=\"\" srcset=\"https:\/\/acc.ueuromed.org\/wp-content\/uploads\/2026\/01\/06.jpg 1920w, https:\/\/acc.ueuromed.org\/wp-content\/uploads\/2026\/01\/06-300x169.jpg 300w, https:\/\/acc.ueuromed.org\/wp-content\/uploads\/2026\/01\/06-1024x576.jpg 1024w, https:\/\/acc.ueuromed.org\/wp-content\/uploads\/2026\/01\/06-768x432.jpg 768w, https:\/\/acc.ueuromed.org\/wp-content\/uploads\/2026\/01\/06-1536x864.jpg 1536w\" sizes=\"(max-width: 1920px) 100vw, 1920px\" \/>\t\t\t\t\t\t\t\t\t\t\t\t\t\t\t<\/div>\n\t\t\t\t<\/div>\n\t\t            <\/div>\n        <\/div>\n                    <\/div>\n        <\/section>\n        <div class=\"elementor-element elementor-element-38a88886 e-flex e-con-boxed e-con e-parent\" data-id=\"38a88886\" data-element_type=\"container\" data-e-type=\"container\">\n\t\t\t\t\t<div class=\"e-con-inner\">\n\t\t\t\t<div class=\"elementor-element elementor-element-734fe08c exad-sticky-section-no exad-glass-effect-no elementor-widget elementor-widget-text-editor\" data-id=\"734fe08c\" data-element_type=\"widget\" data-e-type=\"widget\" data-widget_type=\"text-editor.default\">\n\t\t\t\t<div class=\"elementor-widget-container\">\n\t\t\t\t\t\t\t\t\t<p>Organis\u00e9 par les \u00e9tudiants de l\u2019Universit\u00e9 Euromed, sous la supervision de la Chaire des Nations Unies pour l\u2019Alliance des Civilisations et de l\u2019UNAOC (l\u2019United Nations Alliance of Civilisations), en partenariat avec l\u2019Acad\u00e9mie du Royaume du Maroc et l\u2019Acad\u00e9mie Hassan II des Sciences et Techniques, ce sommet sera consacr\u00e9 au civisme et au pluralisme des valeurs en vue d\u2019engager un d\u00e9bat parmi les jeunes et repenser le vivre ensemble, indique un communiqu\u00e9 de l\u2019universit\u00e9 Euromed.<\/p><p>Le th\u00e8me du sommet, qui r\u00e9unira des jeunes repr\u00e9sentant plus de quarante nationalit\u00e9s, des experts et des enseignants-chercheurs, ainsi que des personnalit\u00e9s marocaines et internationales, \u2018\u2019rejoint pleinement la vocation intellectuelle des institutions organisatrices et le souhait est de le placer sous le signe de l\u2019engagement civique porteur d\u2019avenir, auquel Sa Majest\u00e9 le Roi Mohammed VI accorde une importance primordiale\u2019\u2019, souligne-t-on.<\/p><p>Selon l\u2019universit\u00e9 Euromed, \u00ab\u00a0le r\u00f4le des institutions de l\u2019\u00c9tat et du monde du savoir, pla\u00e7ant les jeunes au c\u0153ur du d\u00e9bat, est de la plus haute importance pour nourrir la r\u00e9flexion et favoriser la diffusion des valeurs citoyennes aupr\u00e8s des jeunes g\u00e9n\u00e9rations\u00a0\u00bb. Car, explique-t-on, la formation citoyenne exige non seulement le respect des r\u00e8gles et des codes institutionnels, mais elle repose \u00e9galement sur l\u2019appropriation des principes \u00e9thiques qui fondent la vie commune dans sa richesse et sa complexit\u00e9 ainsi que le respect de l\u2019environnement et de notre espace de vie avec son int\u00e9grit\u00e9 territoriale comme un imp\u00e9ratif de civisme actif et op\u00e9rant.<\/p><p>\u2018\u2019Plus qu\u2019un simple \u00e9change intellectuel, les jeunes qui organisent ce sommet veulent en faire un moment de r\u00e9flexion profonde, et une invitation forte \u00e0 un sursaut salvateur pour que le civisme redevient le fil d\u2019Ariane de la consolidation des soci\u00e9t\u00e9s en qu\u00eate de nouveaux rep\u00e8res\u2019\u2019, poursuit-elle.<\/p><p>Divers th\u00e8mes d\u2019expertise seront abord\u00e9s \u00e0 l\u2019occasion de ce sommet, notamment \u2018\u2019la jeunesse marocaine unie autour du Sahara\u2019\u2019, \u2018\u2019solidarit\u00e9 et citoyennet\u00e9 active au service de l\u2019unit\u00e9 nationale\u2019\u2019, \u2018\u2019manifestations de la crise du civisme et des valeurs\u2019\u2019, \u2018\u2019civisme, alt\u00e9rit\u00e9 et diversit\u00e9 comme piliers d\u2019une soci\u00e9t\u00e9 harmonieuse\u2019\u2019, \u2018\u2019pluralisme des valeurs et engagement civique : un \u00e9quilibre \u00e0 construire\u2019\u2019, \u2018\u2019le lien humain \u00e0 l\u2019\u00e9preuve de l\u2019hyper connectivit\u00e9\u2019\u2019, \u2018\u2019\u00e9ducation et civisme : quel bilan pour quelles perspectives?\u2019\u2019, \u2018\u2019citoyennet\u00e9, civisme et solidarit\u00e9 en p\u00e9riode de crise s\u00e9curitaire et humanitaire\u2019\u2019 et \u2018\u2019perspectives et actions pour des soci\u00e9t\u00e9s plus humaines\u2019\u2019.<\/p><p>Le sommet se d\u00e9roulera sous forme de sessions pl\u00e9ni\u00e8res et de pr\u00e9sentations. Il sera couronn\u00e9 par des recommandations qui seront pr\u00e9sent\u00e9es par les \u00e9tudiants. Elles constitueront le fondement de \u2018\u2019l\u2019Appel du Futur\u2019\u2019 de l\u2019Universit\u00e9 Euromed de F\u00e8s pour ce sommet.<\/p><p>L\u2019Universit\u00e9 EUROMED de F\u00e8s a d\u00e9j\u00e0 organis\u00e9, par le biais de la Chaire des Nations Unies pour l\u2019Alliance de Civilisations, deux \u00e9ditions de ce sommet : le premier d\u00e9di\u00e9 aux jeunes africains et euro-m\u00e9diterran\u00e9ens, accueilli par le Parlement marocain \u00e0 Rabat, et le deuxi\u00e8me, organis\u00e9 au sein de l\u2019Universit\u00e9 Euromed de F\u00e8s, en marge du forum mondial des Nations Unies sur l\u2019Alliance des Civilisations sous le th\u00e8me \u2018\u2019Reconstruire la confiance pour un monde uni et pluriel\u2019\u2019, plac\u00e9 sous le Haut Patronage de Sa Majest\u00e9 le Roi Mohammed VI.<\/p>\t\t\t\t\t\t\t\t<\/div>\n\t\t\t\t<\/div>\n\t\t\t\t\t<\/div>\n\t\t\t\t<\/div>\n\t\t\t\t<\/div>\n\t\t","protected":false},"excerpt":{"rendered":"<p>atlasinfo.fr 3\u00e8 sommet des jeunes africains et euro-m\u00e9diterran\u00e9ens de l\u2019Universit\u00e9 Euromed, le 19 janvier \u00e0 l\u2019Acad\u00e9mie du Royaume Voir L&#039;article Original Organis\u00e9 par les \u00e9tudiants de l\u2019Universit\u00e9 Euromed, sous la supervision de la Chaire des Nations Unies pour l\u2019Alliance des Civilisations et de l\u2019UNAOC (l\u2019United Nations Alliance of Civilisations), en partenariat avec l\u2019Acad\u00e9mie du Royaume [&hellip;]<\/p>\n","protected":false},"author":1,"featured_media":15304,"comment_status":"open","ping_status":"open","sticky":false,"template":"elementor_header_footer","format":"standard","meta":{"postBodyCss":"","postBodyMargin":[],"postBodyPadding":[],"postBodyBackground":{"backgroundType":"classic","gradient":""},"cybocfi_hide_featured_image":"yes","footnotes":""},"categories":[65],"tags":[],"class_list":["post-15310","post","type-post","status-publish","format-standard","has-post-thumbnail","hentry","category-news-en"],"_links":{"self":[{"href":"https:\/\/acc.ueuromed.org\/en\/wp-json\/wp\/v2\/posts\/15310","targetHints":{"allow":["GET"]}}],"collection":[{"href":"https:\/\/acc.ueuromed.org\/en\/wp-json\/wp\/v2\/posts"}],"about":[{"href":"https:\/\/acc.ueuromed.org\/en\/wp-json\/wp\/v2\/types\/post"}],"author":[{"embeddable":true,"href":"https:\/\/acc.ueuromed.org\/en\/wp-json\/wp\/v2\/users\/1"}],"replies":[{"embeddable":true,"href":"https:\/\/acc.ueuromed.org\/en\/wp-json\/wp\/v2\/comments?post=15310"}],"version-history":[{"count":1,"href":"https:\/\/acc.ueuromed.org\/en\/wp-json\/wp\/v2\/posts\/15310\/revisions"}],"predecessor-version":[{"id":15311,"href":"https:\/\/acc.ueuromed.org\/en\/wp-json\/wp\/v2\/posts\/15310\/revisions\/15311"}],"wp:featuredmedia":[{"embeddable":true,"href":"https:\/\/acc.ueuromed.org\/en\/wp-json\/wp\/v2\/media\/15304"}],"wp:attachment":[{"href":"https:\/\/acc.ueuromed.org\/en\/wp-json\/wp\/v2\/media?parent=15310"}],"wp:term":[{"taxonomy":"category","embeddable":true,"href":"https:\/\/acc.ueuromed.org\/en\/wp-json\/wp\/v2\/categories?post=15310"},{"taxonomy":"post_tag","embeddable":true,"href":"https:\/\/acc.ueuromed.org\/en\/wp-json\/wp\/v2\/tags?post=15310"}],"curies":[{"name":"wp","href":"https:\/\/api.w.org\/{rel}","templated":true}]}}