{"id":15290,"date":"2026-01-28T15:17:04","date_gmt":"2026-01-28T14:17:04","guid":{"rendered":"https:\/\/acc.ueuromed.org\/2026\/01\/28\/universite-euromed-des-jeunes-africains-et-euro-mediterraneens-appellent-a-refonder-le-civisme\/"},"modified":"2026-01-28T15:22:32","modified_gmt":"2026-01-28T14:22:32","slug":"universite-euromed-des-jeunes-africains-et-euro-mediterraneens-appellent-a-refonder-le-civisme","status":"publish","type":"post","link":"https:\/\/acc.ueuromed.org\/en\/2026\/01\/28\/universite-euromed-des-jeunes-africains-et-euro-mediterraneens-appellent-a-refonder-le-civisme\/","title":{"rendered":"Universit\u00e9 Euromed : des jeunes africains et euro-m\u00e9diterran\u00e9ens appellent \u00e0 refonder le civisme"},"content":{"rendered":"\t\t<div data-elementor-type=\"wp-post\" data-elementor-id=\"15290\" class=\"elementor elementor-15290\">\n\t\t\t\t        <section class=\"elementor-section elementor-top-section elementor-element elementor-element-18dbfce2 envato-kit-141-top-0 elementor-reverse-mobile elementor-section-boxed elementor-section-height-default elementor-section-height-default exad-glass-effect-no exad-sticky-section-no ct-header-fixed-none ct-row-max-none\" data-id=\"18dbfce2\" data-element_type=\"section\" data-e-type=\"section\" data-settings=\"{&quot;background_background&quot;:&quot;classic&quot;}\">\n                            <div class=\"elementor-background-overlay\"><\/div>\n                \n                        <div class=\"elementor-container elementor-column-gap-wider \">\n                    <div class=\"elementor-column elementor-col-50 elementor-top-column elementor-element elementor-element-71d9125d exad-glass-effect-no exad-sticky-section-no\" data-id=\"71d9125d\" data-element_type=\"column\" data-e-type=\"column\">\n        <div class=\"elementor-widget-wrap elementor-element-populated\">\n                    \n        \t\t<div class=\"elementor-element elementor-element-4c7b1bd5 exad-sticky-section-no exad-glass-effect-no elementor-invisible elementor-widget elementor-widget-heading\" data-id=\"4c7b1bd5\" data-element_type=\"widget\" data-e-type=\"widget\" data-settings=\"{&quot;_animation&quot;:&quot;fadeIn&quot;,&quot;_animation_delay&quot;:50}\" data-widget_type=\"heading.default\">\n\t\t\t\t<div class=\"elementor-widget-container\">\n\t\t\t\t\t<h2 class=\"elementor-heading-title elementor-size-default\">lematin.ma<\/h2>\t\t\t\t<\/div>\n\t\t\t\t<\/div>\n\t\t\t\t<div class=\"elementor-element elementor-element-4b9c97e1 exad-sticky-section-no exad-glass-effect-no elementor-widget elementor-widget-heading\" data-id=\"4b9c97e1\" data-element_type=\"widget\" data-e-type=\"widget\" data-settings=\"{&quot;_animation&quot;:&quot;none&quot;,&quot;_animation_delay&quot;:100}\" data-widget_type=\"heading.default\">\n\t\t\t\t<div class=\"elementor-widget-container\">\n\t\t\t\t\t<h2 class=\"elementor-heading-title elementor-size-default\">Universit\u00e9 Euromed : des jeunes africains et euro-m\u00e9diterran\u00e9ens appellent \u00e0 refonder le civisme<\/h2>\t\t\t\t<\/div>\n\t\t\t\t<\/div>\n\t\t\t\t<div class=\"elementor-element elementor-element-2af5044a elementor-widget-divider--view-line exad-sticky-section-no exad-glass-effect-no elementor-invisible elementor-widget elementor-widget-divider\" data-id=\"2af5044a\" data-element_type=\"widget\" data-e-type=\"widget\" data-settings=\"{&quot;_animation&quot;:&quot;fadeIn&quot;,&quot;_animation_delay&quot;:150}\" data-widget_type=\"divider.default\">\n\t\t\t\t<div class=\"elementor-widget-container\">\n\t\t\t\t\t\t\t<div class=\"elementor-divider\">\n\t\t\t<span class=\"elementor-divider-separator\">\n\t\t\t\t\t\t<\/span>\n\t\t<\/div>\n\t\t\t\t\t\t<\/div>\n\t\t\t\t<\/div>\n\t\t\t\t<div class=\"elementor-element elementor-element-7315cac4 exad-sticky-section-no exad-glass-effect-no elementor-widget elementor-widget-ct_button\" data-id=\"7315cac4\" data-element_type=\"widget\" data-e-type=\"widget\" data-widget_type=\"ct_button.default\">\n\t\t\t\t<div class=\"elementor-widget-container\">\n\t\t\t\t\t<div id=\"ct_button-7315cac4\" class=\"ct-button-wrapper ct-button-layout1 icon-right btn--inline \">\r\n    <div class=\"ct-inline-css\"  data-css=\"\r\n        \">\r\n    <\/div>\r\n            <span class=\"ct-icon-active\"><\/span>\r\n        <a href=\"https:\/\/lematin.ma\/enseignement\/des-jeunes-africains-et-euro-mediterraneens-appellent-a-refonder-le-civisme\/325444\" target=\"_blank\" class=\"btn btn-effect icon-active btn-inline-block  \" data-wow-delay=\"ms\">\r\n                            <span class=\"ct-button-icon ct-align-icon-right\">\r\n                <i aria-hidden=\"true\" class=\"material zmdi zmdi-link\"><\/i>            <\/span>\r\n                <span class=\"ct-button-text\">Voir L&#039;article Original<\/span>\r\n    <\/a>\r\n<\/div>\t\t\t\t<\/div>\n\t\t\t\t<\/div>\n\t\t            <\/div>\n        <\/div>\n                <div class=\"elementor-column elementor-col-50 elementor-top-column elementor-element elementor-element-731f77db exad-glass-effect-no exad-sticky-section-no\" data-id=\"731f77db\" data-element_type=\"column\" data-e-type=\"column\">\n        <div class=\"elementor-widget-wrap elementor-element-populated\">\n                    \n        \t\t<div class=\"elementor-element elementor-element-2aac9fce exad-sticky-section-no exad-glass-effect-no elementor-widget elementor-widget-image\" data-id=\"2aac9fce\" data-element_type=\"widget\" data-e-type=\"widget\" data-widget_type=\"image.default\">\n\t\t\t\t<div class=\"elementor-widget-container\">\n\t\t\t\t\t\t\t\t\t\t\t\t\t\t\t<img fetchpriority=\"high\" decoding=\"async\" width=\"1920\" height=\"1080\" src=\"https:\/\/acc.ueuromed.org\/wp-content\/uploads\/2026\/01\/04.jpg\" class=\"attachment-full size-full wp-image-15280\" alt=\"\" srcset=\"https:\/\/acc.ueuromed.org\/wp-content\/uploads\/2026\/01\/04.jpg 1920w, https:\/\/acc.ueuromed.org\/wp-content\/uploads\/2026\/01\/04-300x169.jpg 300w, https:\/\/acc.ueuromed.org\/wp-content\/uploads\/2026\/01\/04-1024x576.jpg 1024w, https:\/\/acc.ueuromed.org\/wp-content\/uploads\/2026\/01\/04-768x432.jpg 768w, https:\/\/acc.ueuromed.org\/wp-content\/uploads\/2026\/01\/04-1536x864.jpg 1536w\" sizes=\"(max-width: 1920px) 100vw, 1920px\" \/>\t\t\t\t\t\t\t\t\t\t\t\t\t\t\t<\/div>\n\t\t\t\t<\/div>\n\t\t            <\/div>\n        <\/div>\n                    <\/div>\n        <\/section>\n        <div class=\"elementor-element elementor-element-1fe32d58 e-flex e-con-boxed e-con e-parent\" data-id=\"1fe32d58\" data-element_type=\"container\" data-e-type=\"container\">\n\t\t\t\t\t<div class=\"e-con-inner\">\n\t\t\t\t<div class=\"elementor-element elementor-element-eb79eff exad-sticky-section-no exad-glass-effect-no elementor-widget elementor-widget-text-editor\" data-id=\"eb79eff\" data-element_type=\"widget\" data-e-type=\"widget\" data-widget_type=\"text-editor.default\">\n\t\t\t\t<div class=\"elementor-widget-container\">\n\t\t\t\t\t\t\t\t\t<blockquote>\n<p>R\u00e9unis le 19 janvier 2026 au si\u00e8ge de l\u2019Acad\u00e9mie du Royaume \u00e0 Rabat, des \u00e9tudiants de Universit\u00e9 Euromed de F\u00e8s, venus de plus de quarante nationalit\u00e9s africaines et euro-m\u00e9diterran\u00e9ennes, ont tenu leur troisi\u00e8me sommet consacr\u00e9 au civisme et au pluralisme des valeurs. L\u2019initiative, port\u00e9e par la Chaire des Nations Unies pour l\u2019Alliance des Civilisations, visait \u00e0 interroger les fragilit\u00e9s contemporaines du vivre-ensemble et \u00e0 formuler des propositions concr\u00e8tes face \u00e0 la mont\u00e9e des discours de rejet, de la violence verbale et des replis identitaires&nbsp;<\/p>\n<\/blockquote>\n<p>Accueilli par Acad\u00e9mie du Royaume du Maroc et l\u2019Acad\u00e9mie Hassan II des Sciences et Techniques, le sommet s\u2019est d\u00e9roul\u00e9 dans un cadre acad\u00e9mique assum\u00e9. Une symbolique forte, soulign\u00e9e par les organisateurs, qui voient dans l\u2019\u00e9coute de la parole des jeunes un prolongement n\u00e9cessaire du travail intellectuel des institutions du savoir. \u00ab Science et jeunesse sont interd\u00e9pendantes \u00bb, ont rappel\u00e9 plusieurs intervenants, insistant sur la capacit\u00e9 des nouvelles g\u00e9n\u00e9rations \u00e0 produire des id\u00e9es neuves face aux crises contemporaines.<\/p>\n<p>Dans leur d\u00e9claration finale, les \u00e9tudiants de l\u2019Universit\u00e9 Euromed de F\u00e8s se sont revendiqu\u00e9s h\u00e9ritiers d\u2019un espace africain et m\u00e9diterran\u00e9en historiquement contributeur \u00e0 la civilisation humaine. Refusant aussi bien le fatalisme que les utopies radicales, ils ont invoqu\u00e9 Albert Camus pour affirmer une ambition plus modeste mais essentielle : \u00ab emp\u00eacher que le monde ne se d\u00e9fasse \u00bb.&nbsp;<\/p><p>Un positionnement qui traduit, selon eux, une volont\u00e9 d\u2019agir l\u00e0 o\u00f9 l\u2019esp\u00e9rance se fragilise et o\u00f9 l\u2019intol\u00e9rance menace la coh\u00e9sion sociale.<\/p>\n<p>Les travaux du sommet ont mis en \u00e9vidence une pr\u00e9occupation centrale : la transmission des valeurs civiques dans un contexte marqu\u00e9 par les transformations num\u00e9riques, le recul de certaines formes d\u2019autorit\u00e9 \u00e9ducative et l\u2019aggravation des in\u00e9galit\u00e9s sociales. Les participants ont insist\u00e9 sur la n\u00e9cessit\u00e9 de reconna\u00eetre les jeunes non comme un public \u00e0 encadrer, mais comme une force de proposition \u00e0 part enti\u00e8re, capable de contribuer \u00e0 la pr\u00e9vention de la violence, de la radicalisation et des discours d\u2019exclusion.<\/p>\n<p>Au terme des \u00e9changes, les \u00e9tudiants ont formul\u00e9 une s\u00e9rie de recommandations structur\u00e9es autour de l\u2019\u00e9ducation civique. Ils appellent notamment \u00e0 faire de cette derni\u00e8re une mission partag\u00e9e entre la famille, l\u2019\u00e9cole, l\u2019universit\u00e9, les institutions publiques et la soci\u00e9t\u00e9 civile. L\u2019\u00e9ducation au civisme est pr\u00e9sent\u00e9e comme un levier de pr\u00e9vention universelle, mais aussi comme un moyen de renforcer la conscience de l\u2019impact des comportements individuels sur l\u2019environnement, l\u2019espace public et les relations humaines.<\/p>\n<p>Le texte insiste \u00e9galement sur la n\u00e9cessit\u00e9 de soutenir les initiatives port\u00e9es par les jeunes et les universit\u00e9s en faveur du dialogue interculturel, ainsi que sur l\u2019importance de cadres \u00e9thiques et juridiques clairs pour lutter contre la banalisation de la violence verbale. Les sommets et forums de jeunes sont ainsi appel\u00e9s \u00e0 devenir de v\u00e9ritables laboratoires d\u2019id\u00e9es, capables de nourrir un sursaut collectif autour des valeurs de responsabilit\u00e9, de respect et de solidarit\u00e9.<\/p>\n<p>Enfin, les \u00e9tudiants ont r\u00e9affirm\u00e9 leur attachement au pluralisme culturel et identitaire, citant l\u2019exemple de la Constitution marocaine comme mod\u00e8le de reconnaissance des composantes culturelles, linguistiques et spirituelles d\u2019une nation. Pour eux, cette reconnaissance constitue un facteur de coh\u00e9sion, de stabilit\u00e9 et de continuit\u00e9 historique, \u00e0 l\u2019heure o\u00f9 de nombreuses soci\u00e9t\u00e9s cherchent de nouveaux rep\u00e8res.<\/p>\t\t\t\t\t\t\t\t<\/div>\n\t\t\t\t<\/div>\n\t\t\t\t\t<\/div>\n\t\t\t\t<\/div>\n\t\t\t\t<\/div>\n\t\t","protected":false},"excerpt":{"rendered":"<p>lematin.ma Universit\u00e9 Euromed : des jeunes africains et euro-m\u00e9diterran\u00e9ens appellent \u00e0 refonder le civisme Voir L&#039;article Original R\u00e9unis le 19 janvier 2026 au si\u00e8ge de l\u2019Acad\u00e9mie du Royaume \u00e0 Rabat, des \u00e9tudiants de Universit\u00e9 Euromed de F\u00e8s, venus de plus de quarante nationalit\u00e9s africaines et euro-m\u00e9diterran\u00e9ennes, ont tenu leur troisi\u00e8me sommet consacr\u00e9 au civisme et [&hellip;]<\/p>\n","protected":false},"author":1,"featured_media":15281,"comment_status":"open","ping_status":"open","sticky":false,"template":"elementor_header_footer","format":"standard","meta":{"postBodyCss":"","postBodyMargin":[],"postBodyPadding":[],"postBodyBackground":{"backgroundType":"classic","gradient":""},"cybocfi_hide_featured_image":"yes","footnotes":""},"categories":[65],"tags":[],"class_list":["post-15290","post","type-post","status-publish","format-standard","has-post-thumbnail","hentry","category-news-en"],"_links":{"self":[{"href":"https:\/\/acc.ueuromed.org\/en\/wp-json\/wp\/v2\/posts\/15290","targetHints":{"allow":["GET"]}}],"collection":[{"href":"https:\/\/acc.ueuromed.org\/en\/wp-json\/wp\/v2\/posts"}],"about":[{"href":"https:\/\/acc.ueuromed.org\/en\/wp-json\/wp\/v2\/types\/post"}],"author":[{"embeddable":true,"href":"https:\/\/acc.ueuromed.org\/en\/wp-json\/wp\/v2\/users\/1"}],"replies":[{"embeddable":true,"href":"https:\/\/acc.ueuromed.org\/en\/wp-json\/wp\/v2\/comments?post=15290"}],"version-history":[{"count":1,"href":"https:\/\/acc.ueuromed.org\/en\/wp-json\/wp\/v2\/posts\/15290\/revisions"}],"predecessor-version":[{"id":15291,"href":"https:\/\/acc.ueuromed.org\/en\/wp-json\/wp\/v2\/posts\/15290\/revisions\/15291"}],"wp:featuredmedia":[{"embeddable":true,"href":"https:\/\/acc.ueuromed.org\/en\/wp-json\/wp\/v2\/media\/15281"}],"wp:attachment":[{"href":"https:\/\/acc.ueuromed.org\/en\/wp-json\/wp\/v2\/media?parent=15290"}],"wp:term":[{"taxonomy":"category","embeddable":true,"href":"https:\/\/acc.ueuromed.org\/en\/wp-json\/wp\/v2\/categories?post=15290"},{"taxonomy":"post_tag","embeddable":true,"href":"https:\/\/acc.ueuromed.org\/en\/wp-json\/wp\/v2\/tags?post=15290"}],"curies":[{"name":"wp","href":"https:\/\/api.w.org\/{rel}","templated":true}]}}