{"id":13301,"date":"2025-04-15T16:08:23","date_gmt":"2025-04-15T16:08:23","guid":{"rendered":"https:\/\/acc.ueuromed.org\/2025\/04\/15\/azoulay-le-maroc-incarne-lalliance-de-toutes-nos-civilisations-2\/"},"modified":"2025-04-15T16:12:03","modified_gmt":"2025-04-15T16:12:03","slug":"azoulay-le-maroc-incarne-lalliance-de-toutes-nos-civilisations-2","status":"publish","type":"post","link":"https:\/\/acc.ueuromed.org\/en\/2025\/04\/15\/azoulay-le-maroc-incarne-lalliance-de-toutes-nos-civilisations-2\/","title":{"rendered":"Azoulay: Le Maroc incarne l&#8217;Alliance de toutes nos civilisations"},"content":{"rendered":"\t\t<div data-elementor-type=\"wp-post\" data-elementor-id=\"13301\" class=\"elementor elementor-13301\">\n\t\t\t\t        <section class=\"elementor-section elementor-top-section elementor-element elementor-element-b5e9890 envato-kit-141-top-0 elementor-reverse-mobile elementor-section-boxed elementor-section-height-default elementor-section-height-default exad-glass-effect-no exad-sticky-section-no ct-header-fixed-none ct-row-max-none\" data-id=\"b5e9890\" data-element_type=\"section\" data-e-type=\"section\" data-settings=\"{&quot;background_background&quot;:&quot;classic&quot;}\">\n                            <div class=\"elementor-background-overlay\"><\/div>\n                \n                        <div class=\"elementor-container elementor-column-gap-wider \">\n                    <div class=\"elementor-column elementor-col-50 elementor-top-column elementor-element elementor-element-e46cda3 exad-glass-effect-no exad-sticky-section-no\" data-id=\"e46cda3\" data-element_type=\"column\" data-e-type=\"column\">\n        <div class=\"elementor-widget-wrap elementor-element-populated\">\n                    \n        \t\t<div class=\"elementor-element elementor-element-eafd577 exad-sticky-section-no exad-glass-effect-no elementor-invisible elementor-widget elementor-widget-heading\" data-id=\"eafd577\" data-element_type=\"widget\" data-e-type=\"widget\" data-settings=\"{&quot;_animation&quot;:&quot;fadeIn&quot;,&quot;_animation_delay&quot;:50}\" data-widget_type=\"heading.default\">\n\t\t\t\t<div class=\"elementor-widget-container\">\n\t\t\t\t\t<h2 class=\"elementor-heading-title elementor-size-default\">Hespress<\/h2>\t\t\t\t<\/div>\n\t\t\t\t<\/div>\n\t\t\t\t<div class=\"elementor-element elementor-element-affc3f4 exad-sticky-section-no exad-glass-effect-no elementor-widget elementor-widget-heading\" data-id=\"affc3f4\" data-element_type=\"widget\" data-e-type=\"widget\" data-settings=\"{&quot;_animation&quot;:&quot;none&quot;,&quot;_animation_delay&quot;:100}\" data-widget_type=\"heading.default\">\n\t\t\t\t<div class=\"elementor-widget-container\">\n\t\t\t\t\t<h2 class=\"elementor-heading-title elementor-size-default\">Azoulay: Le Maroc incarne l'Alliance de toutes nos civilisations<\/h2>\t\t\t\t<\/div>\n\t\t\t\t<\/div>\n\t\t\t\t<div class=\"elementor-element elementor-element-f4eaf36 elementor-widget-divider--view-line exad-sticky-section-no exad-glass-effect-no elementor-invisible elementor-widget elementor-widget-divider\" data-id=\"f4eaf36\" data-element_type=\"widget\" data-e-type=\"widget\" data-settings=\"{&quot;_animation&quot;:&quot;fadeIn&quot;,&quot;_animation_delay&quot;:150}\" data-widget_type=\"divider.default\">\n\t\t\t\t<div class=\"elementor-widget-container\">\n\t\t\t\t\t\t\t<div class=\"elementor-divider\">\n\t\t\t<span class=\"elementor-divider-separator\">\n\t\t\t\t\t\t<\/span>\n\t\t<\/div>\n\t\t\t\t\t\t<\/div>\n\t\t\t\t<\/div>\n\t\t\t\t<div class=\"elementor-element elementor-element-0ae116a exad-sticky-section-no exad-glass-effect-no elementor-widget elementor-widget-ct_button\" data-id=\"0ae116a\" data-element_type=\"widget\" data-e-type=\"widget\" data-widget_type=\"ct_button.default\">\n\t\t\t\t<div class=\"elementor-widget-container\">\n\t\t\t\t\t<div id=\"ct_button-0ae116a\" class=\"ct-button-wrapper ct-button-layout1 icon-right btn--inline \">\r\n    <div class=\"ct-inline-css\"  data-css=\"\r\n        \">\r\n    <\/div>\r\n            <span class=\"ct-icon-active\"><\/span>\r\n        <a href=\"https:\/\/fr.hespress.com\/400187-azoulay-le-maroc-incarne-lalliance-de-toutes-nos-civilisations.html\" target=\"_blank\" class=\"btn btn-effect icon-active btn-inline-block  \" data-wow-delay=\"ms\">\r\n                            <span class=\"ct-button-icon ct-align-icon-right\">\r\n                <i aria-hidden=\"true\" class=\"material zmdi zmdi-link\"><\/i>            <\/span>\r\n                <span class=\"ct-button-text\">Voir L&#039;article Original<\/span>\r\n    <\/a>\r\n<\/div>\t\t\t\t<\/div>\n\t\t\t\t<\/div>\n\t\t            <\/div>\n        <\/div>\n                <div class=\"elementor-column elementor-col-50 elementor-top-column elementor-element elementor-element-7a23070 exad-glass-effect-no exad-sticky-section-no\" data-id=\"7a23070\" data-element_type=\"column\" data-e-type=\"column\">\n        <div class=\"elementor-widget-wrap elementor-element-populated\">\n                    \n        \t\t<div class=\"elementor-element elementor-element-13d316c exad-sticky-section-no exad-glass-effect-no elementor-widget elementor-widget-image\" data-id=\"13d316c\" data-element_type=\"widget\" data-e-type=\"widget\" data-widget_type=\"image.default\">\n\t\t\t\t<div class=\"elementor-widget-container\">\n\t\t\t\t\t\t\t\t\t\t\t\t\t\t\t<img fetchpriority=\"high\" decoding=\"async\" width=\"1920\" height=\"1080\" src=\"https:\/\/acc.ueuromed.org\/wp-content\/uploads\/2025\/04\/SE-Andre-Azoulay.jpg\" class=\"attachment-full size-full wp-image-12842\" alt=\"\" srcset=\"https:\/\/acc.ueuromed.org\/wp-content\/uploads\/2025\/04\/SE-Andre-Azoulay.jpg 1920w, https:\/\/acc.ueuromed.org\/wp-content\/uploads\/2025\/04\/SE-Andre-Azoulay-300x169.jpg 300w, https:\/\/acc.ueuromed.org\/wp-content\/uploads\/2025\/04\/SE-Andre-Azoulay-1024x576.jpg 1024w, https:\/\/acc.ueuromed.org\/wp-content\/uploads\/2025\/04\/SE-Andre-Azoulay-768x432.jpg 768w, https:\/\/acc.ueuromed.org\/wp-content\/uploads\/2025\/04\/SE-Andre-Azoulay-1536x864.jpg 1536w\" sizes=\"(max-width: 1920px) 100vw, 1920px\" \/>\t\t\t\t\t\t\t\t\t\t\t\t\t\t\t<\/div>\n\t\t\t\t<\/div>\n\t\t            <\/div>\n        <\/div>\n                    <\/div>\n        <\/section>\n        <div class=\"elementor-element elementor-element-6815dbb e-flex e-con-boxed e-con e-parent\" data-id=\"6815dbb\" data-element_type=\"container\" data-e-type=\"container\">\n\t\t\t\t\t<div class=\"e-con-inner\">\n\t\t\t\t<div class=\"elementor-element elementor-element-641e0f5 exad-sticky-section-no exad-glass-effect-no elementor-widget elementor-widget-text-editor\" data-id=\"641e0f5\" data-element_type=\"widget\" data-e-type=\"widget\" data-widget_type=\"text-editor.default\">\n\t\t\t\t<div class=\"elementor-widget-container\">\n\t\t\t\t\t\t\t\t\t<p><strong>\u00ab\u00a0Par son ouverture au monde et son enracinement dans la culture du dialogue, de la paix et de l\u2019\u00e9coute de tous les narratifs, le Maroc incarne en soi l\u2019Alliance de toutes nos civilisations\u00a0\u00bb, a affirm\u00e9, vendredi \u00e0 F\u00e8s, le Conseiller du Roi, Andr\u00e9 Azoulay.<\/strong><\/p><p>S\u2019exprimant \u00e0 l\u2019ouverture des Rencontres de l\u2019Universit\u00e9 Euromed de F\u00e8s organis\u00e9es sous le haut patronage du Roi Mohammed VI pour d\u00e9battre du th\u00e8me \u00ab\u00a0Reconstruire la confiance pour un monde uni et pluriel\u00a0\u00bb, M. Azoulay a mis en relief \u00ab\u00a0le respect dont jouit le Maroc au sein de la Communaut\u00e9 des Nations, un respect forg\u00e9 par la r\u00e9ponse que notre pays a su apporter aux d\u00e9fis de la fracture, aux illusions mortif\u00e8res du d\u00e9ni et de l\u2019exclusion quand tout autour de nous s\u2019\u00e9vapore, ou sont mis en \u00e9quation les acquis les plus fondamentaux de nos soci\u00e9t\u00e9s et de nos civilisations qu\u2019\u00e0 tort nous avions crus irr\u00e9versibles\u00a0\u00bb.<\/p><p>\u00ab\u00a0Consacr\u00e9es par notre Constitution, la richesse, la modernit\u00e9 et la l\u00e9gitimit\u00e9 de toutes nos diversit\u00e9s est dans notre ADN et elle fait d\u00e9sormais autorit\u00e9 dans le monde\u00a0\u00bb, a soulign\u00e9 le Conseiller du Roi devant un parterre de personnalit\u00e9s entour\u00e9es de plusieurs centaines d\u2019\u00e9tudiants originaires d\u2019une cinquantaine de pays.<\/p><p>Rappelant qu\u2019il avait \u00e9t\u00e9 membre du Groupe de Haut Niveau mis en place il y a plus de 20 ans par les Nations Unies pour cr\u00e9er l\u2019Alliance des Civilisations, M. Azoulay s\u2019est f\u00e9licit\u00e9 de voir que c\u2019est au Maroc et \u00e0 l\u2019Universit\u00e9 Euromed de F\u00e8s que se cr\u00e9e aujourd\u2019hui la premi\u00e8re Chaire au monde de l\u2019Alliance des Civilisations.<\/p><p>\u00ab\u00a0Fort de l\u2019autorit\u00e9 \u00e9clair\u00e9e de SM le Roi Mohammed VI, le Maroc confirme avec cette Chaire la continuit\u00e9 de ses engagements en pr\u00e9parant les g\u00e9n\u00e9rations montantes \u00e0 prendre le relais pour conforter la centralit\u00e9 du leadership marocain et donner ses meilleures chances \u00e0 un monde r\u00e9concili\u00e9 avec l\u2019universalit\u00e9 des valeurs de paix et de la modernit\u00e9 de l\u2019art de vivre ensemble\u00a0\u00bb, a ajout\u00e9, pour conclure, le Conseiller du souverain.<\/p>\t\t\t\t\t\t\t\t<\/div>\n\t\t\t\t<\/div>\n\t\t\t\t\t<\/div>\n\t\t\t\t<\/div>\n\t\t\t\t<\/div>\n\t\t","protected":false},"excerpt":{"rendered":"<p>Hespress Azoulay: Le Maroc incarne l&#8217;Alliance de toutes nos civilisations Voir L&#039;article Original \u00ab\u00a0Par son ouverture au monde et son enracinement dans la culture du dialogue, de la paix et de l\u2019\u00e9coute de tous les narratifs, le Maroc incarne en soi l\u2019Alliance de toutes nos civilisations\u00a0\u00bb, a affirm\u00e9, vendredi \u00e0 F\u00e8s, le Conseiller du Roi, [&hellip;]<\/p>\n","protected":false},"author":1,"featured_media":13272,"comment_status":"closed","ping_status":"open","sticky":false,"template":"elementor_header_footer","format":"standard","meta":{"postBodyCss":"","postBodyMargin":[],"postBodyPadding":[],"postBodyBackground":{"backgroundType":"classic","gradient":""},"cybocfi_hide_featured_image":"yes","footnotes":""},"categories":[74,65],"tags":[],"class_list":["post-13301","post","type-post","status-publish","format-standard","has-post-thumbnail","hentry","category-forum-decembre-2024-en","category-news-en"],"_links":{"self":[{"href":"https:\/\/acc.ueuromed.org\/en\/wp-json\/wp\/v2\/posts\/13301","targetHints":{"allow":["GET"]}}],"collection":[{"href":"https:\/\/acc.ueuromed.org\/en\/wp-json\/wp\/v2\/posts"}],"about":[{"href":"https:\/\/acc.ueuromed.org\/en\/wp-json\/wp\/v2\/types\/post"}],"author":[{"embeddable":true,"href":"https:\/\/acc.ueuromed.org\/en\/wp-json\/wp\/v2\/users\/1"}],"replies":[{"embeddable":true,"href":"https:\/\/acc.ueuromed.org\/en\/wp-json\/wp\/v2\/comments?post=13301"}],"version-history":[{"count":13,"href":"https:\/\/acc.ueuromed.org\/en\/wp-json\/wp\/v2\/posts\/13301\/revisions"}],"predecessor-version":[{"id":13319,"href":"https:\/\/acc.ueuromed.org\/en\/wp-json\/wp\/v2\/posts\/13301\/revisions\/13319"}],"wp:featuredmedia":[{"embeddable":true,"href":"https:\/\/acc.ueuromed.org\/en\/wp-json\/wp\/v2\/media\/13272"}],"wp:attachment":[{"href":"https:\/\/acc.ueuromed.org\/en\/wp-json\/wp\/v2\/media?parent=13301"}],"wp:term":[{"taxonomy":"category","embeddable":true,"href":"https:\/\/acc.ueuromed.org\/en\/wp-json\/wp\/v2\/categories?post=13301"},{"taxonomy":"post_tag","embeddable":true,"href":"https:\/\/acc.ueuromed.org\/en\/wp-json\/wp\/v2\/tags?post=13301"}],"curies":[{"name":"wp","href":"https:\/\/api.w.org\/{rel}","templated":true}]}}