{"id":10507,"date":"2024-12-12T14:22:41","date_gmt":"2024-12-12T13:22:41","guid":{"rendered":"https:\/\/acc.ueuromed.org\/2024\/12\/12\/mot-sur-la-chaire\/"},"modified":"2025-04-24T15:25:01","modified_gmt":"2025-04-24T15:25:01","slug":"mot-sur-la-chaire","status":"publish","type":"post","link":"https:\/\/acc.ueuromed.org\/en\/2024\/12\/12\/mot-sur-la-chaire\/","title":{"rendered":"Inauguration of the Alliance of Civilizations Chair"},"content":{"rendered":"\t\t<div data-elementor-type=\"wp-post\" data-elementor-id=\"10507\" class=\"elementor elementor-10507\">\n\t\t\t\t        <section class=\"elementor-section elementor-top-section elementor-element elementor-element-6d89b70 elementor-section-height-min-height elementor-section-boxed elementor-section-height-default elementor-section-items-middle exad-glass-effect-no exad-sticky-section-no ct-header-fixed-none ct-row-max-none\" data-id=\"6d89b70\" data-element_type=\"section\" data-e-type=\"section\" data-settings=\"{&quot;background_background&quot;:&quot;classic&quot;}\">\n                            <div class=\"elementor-background-overlay\"><\/div>\n                \n                        <div class=\"elementor-container elementor-column-gap-default \">\n                    <div class=\"elementor-column elementor-col-100 elementor-top-column elementor-element elementor-element-ad38742 exad-glass-effect-no exad-sticky-section-no\" data-id=\"ad38742\" data-element_type=\"column\" data-e-type=\"column\">\n        <div class=\"elementor-widget-wrap elementor-element-populated\">\n                    \n        \t\t<div class=\"elementor-element elementor-element-78454f7 elementor-widget__width-initial exad-sticky-section-no exad-glass-effect-no elementor-widget elementor-widget-heading\" data-id=\"78454f7\" data-element_type=\"widget\" data-e-type=\"widget\" data-widget_type=\"heading.default\">\n\t\t\t\t<div class=\"elementor-widget-container\">\n\t\t\t\t\t<h1 class=\"elementor-heading-title elementor-size-default\">Inauguration of The United Nations Chair for the Alliance of Civilizations<\/h1>\t\t\t\t<\/div>\n\t\t\t\t<\/div>\n\t\t            <\/div>\n        <\/div>\n                    <\/div>\n        <\/section>\n        <div class=\"elementor-element elementor-element-1d66e946 e-flex e-con-boxed e-con e-parent\" data-id=\"1d66e946\" data-element_type=\"container\" data-e-type=\"container\">\n\t\t\t\t\t<div class=\"e-con-inner\">\n\t\t\t\t<div class=\"elementor-element elementor-element-4ff02516 elementor-arrows-position-inside elementor-pagination-position-outside exad-sticky-section-no exad-glass-effect-no elementor-widget elementor-widget-image-carousel\" data-id=\"4ff02516\" data-element_type=\"widget\" data-e-type=\"widget\" data-settings=\"{&quot;slides_to_show&quot;:&quot;1&quot;,&quot;navigation&quot;:&quot;both&quot;,&quot;autoplay&quot;:&quot;yes&quot;,&quot;pause_on_hover&quot;:&quot;yes&quot;,&quot;pause_on_interaction&quot;:&quot;yes&quot;,&quot;autoplay_speed&quot;:5000,&quot;infinite&quot;:&quot;yes&quot;,&quot;effect&quot;:&quot;slide&quot;,&quot;speed&quot;:500}\" data-widget_type=\"image-carousel.default\">\n\t\t\t\t<div class=\"elementor-widget-container\">\n\t\t\t\t\t\t\t<div class=\"elementor-image-carousel-wrapper swiper\" role=\"region\" aria-roledescription=\"carousel\" aria-label=\"Image Carousel\" dir=\"ltr\">\n\t\t\t<div class=\"elementor-image-carousel swiper-wrapper\" aria-live=\"off\">\n\t\t\t\t\t\t\t\t<div class=\"swiper-slide\" role=\"group\" aria-roledescription=\"slide\" aria-label=\"1 of 5\"><figure class=\"swiper-slide-inner\"><img decoding=\"async\" class=\"swiper-slide-image\" src=\"https:\/\/acc.ueuromed.org\/wp-content\/uploads\/2024\/12\/DSC_6544-3-scaled.jpg\" alt=\"DSC_6544.jpg\" \/><\/figure><\/div><div class=\"swiper-slide\" role=\"group\" aria-roledescription=\"slide\" aria-label=\"2 of 5\"><figure class=\"swiper-slide-inner\"><img decoding=\"async\" class=\"swiper-slide-image\" src=\"https:\/\/acc.ueuromed.org\/wp-content\/uploads\/2024\/12\/DSC_6562-3.jpg\" alt=\"DSC_6562.jpg\" \/><\/figure><\/div><div class=\"swiper-slide\" role=\"group\" aria-roledescription=\"slide\" aria-label=\"3 of 5\"><figure class=\"swiper-slide-inner\"><img decoding=\"async\" class=\"swiper-slide-image\" src=\"https:\/\/acc.ueuromed.org\/wp-content\/uploads\/2024\/12\/DSC_6587-1.jpg\" alt=\"DSC_6587.jpg\" \/><\/figure><\/div><div class=\"swiper-slide\" role=\"group\" aria-roledescription=\"slide\" aria-label=\"4 of 5\"><figure class=\"swiper-slide-inner\"><img decoding=\"async\" class=\"swiper-slide-image\" src=\"https:\/\/acc.ueuromed.org\/wp-content\/uploads\/2024\/12\/DSC_6914-1-1.jpg\" alt=\"DSC_6914-1.jpg\" \/><\/figure><\/div><div class=\"swiper-slide\" role=\"group\" aria-roledescription=\"slide\" aria-label=\"5 of 5\"><figure class=\"swiper-slide-inner\"><img decoding=\"async\" class=\"swiper-slide-image\" src=\"https:\/\/acc.ueuromed.org\/wp-content\/uploads\/2024\/12\/DSC_6614-2.jpg\" alt=\"DSC_6614-2.jpg\" \/><\/figure><\/div>\t\t\t<\/div>\n\t\t\t\t\t\t\t\t\t\t\t\t<div class=\"elementor-swiper-button elementor-swiper-button-prev\" role=\"button\" tabindex=\"0\">\n\t\t\t\t\t\t<i aria-hidden=\"true\" class=\"eicon-chevron-left\"><\/i>\t\t\t\t\t<\/div>\n\t\t\t\t\t<div class=\"elementor-swiper-button elementor-swiper-button-next\" role=\"button\" tabindex=\"0\">\n\t\t\t\t\t\t<i aria-hidden=\"true\" class=\"eicon-chevron-right\"><\/i>\t\t\t\t\t<\/div>\n\t\t\t\t\n\t\t\t\t\t\t\t\t\t<div class=\"swiper-pagination\"><\/div>\n\t\t\t\t\t\t\t\t\t<\/div>\n\t\t\t\t\t\t<\/div>\n\t\t\t\t<\/div>\n\t\t\t\t\t<\/div>\n\t\t\t\t<\/div>\n\t\t<div class=\"elementor-element elementor-element-4eb2cf5 e-flex e-con-boxed e-con e-parent\" data-id=\"4eb2cf5\" data-element_type=\"container\" data-e-type=\"container\">\n\t\t\t\t\t<div class=\"e-con-inner\">\n\t\t\t\t<div class=\"elementor-element elementor-element-ffd8049 exad-sticky-section-no exad-glass-effect-no elementor-widget elementor-widget-text-editor\" data-id=\"ffd8049\" data-element_type=\"widget\" data-e-type=\"widget\" data-widget_type=\"text-editor.default\">\n\t\t\t\t<div class=\"elementor-widget-container\">\n\t\t\t\t\t\t\t\t\t<p>In his speech a few days ago at the 10<sup>th<\/sup> Global Forum of the Alliance of Civilizations, held in Cascais near Lisbon, Mr. Nasser Bourita, Minister of Foreign Affairs, African Cooperation, and Moroccan Expatriates, concluded by expressing Morocco\u2019s satisfaction with the launch of the Alliance of Civilizations Chair at the Euromed University of Fes on December 6. &#8220;This Chair firmly anchors Morocco to the Alliance and the Alliance to Morocco.&#8221; Indeed, this Chair was officially inaugurated on December 6 by H.E. Miguel \u00c1ngel Moratinos, High Representative of the United Nations for the Alliance of Civilizations. It marks a major milestone in the life of our University.<\/p><p>It is a truly exceptional initiative, almost unparalleled worldwide. Beyond its practical significance, its symbolic and historical impact will resonate for generations\u2014not only with us but also with future leaders, students, and teacher-researchers. Each will uphold the belief that an alliance grounded in shared values is what empowers humanity to continue striving for progress, no matter the obstacles or adverse circumstances. In this context, we recognize the profound partnership we are building between the UNAOC and the Euromed University of Fes. Both institutions have long been dedicated to fostering the fertile pathways of peace and harmonious coexistence among peoples. We are aware of the difficulties of our time, but nothing can deter those who have placed their faith in humanity and the civilizations that represent it.<\/p><p>In order to maximize its effectiveness and ensure the visibility its mission requires, we have established an accredited Master\u2019s program and Doctoral training program, approved by our Ministry. Additionally, we have positioned it as both a hub for scientific output, demonstrated by the books and journals we have recently published, and a platform for dialogue, where our young students develop forward-thinking perspectives on the future of our societies. A notable example is the Forum of Young Mediterraneans, which we hosted at the Moroccan Parliament in Rabat, followed by its second edition, held in parallel with our Meetings on Rebuilding Trust.<\/p><p>\u00a0<\/p>\t\t\t\t\t\t\t\t<\/div>\n\t\t\t\t<\/div>\n\t\t\t\t\t<\/div>\n\t\t\t\t<\/div>\n\t\t<div class=\"elementor-element elementor-element-ec7c146 e-flex e-con-boxed e-con e-parent\" data-id=\"ec7c146\" data-element_type=\"container\" data-e-type=\"container\">\n\t\t\t\t\t<div class=\"e-con-inner\">\n\t\t\t\t<div class=\"elementor-element elementor-element-6c96bd6 exad-sticky-section-no exad-glass-effect-no elementor-widget elementor-widget-ct_blog_grid\" data-id=\"6c96bd6\" data-element_type=\"widget\" data-e-type=\"widget\" data-widget_type=\"ct_blog_grid.default\">\n\t\t\t\t<div class=\"elementor-widget-container\">\n\t\t\t\t\t\r\n<div id=\"ct_blog_grid-6c96bd6\" class=\"ct-grid ct-blog-grid ct-blog-grid-layout1\" data-layout=\"masonry\" data-start-page=\"1\" data-max-pages=\"3\" data-total=\"17\" data-perpage=\"6\" data-next-link=\"https:\/\/acc.ueuromed.org\/en\/wp-json\/wp\/v2\/posts\/10507\/page\/2\/\">\r\n    <div class=\"ct-grid-overlay\"><\/div>\r\n    \r\n    <div class=\"ct-grid-inner ct-grid-masonry row animate-time\" data-gutter=\"15\">\r\n                    <div class=\"grid-sizer col-xl-3 col-lg-4 col-md-4 col-sm-6 col-12\"><\/div>\r\n                                <div class=\"grid-item col-xl-3 col-lg-4 col-md-4 col-sm-6 col-12 filter-category-66 filter-category-33 filter-category-36\">\r\n                    <div class=\"grid-item-inner \">\r\n                                                    <div class=\"entry-featured\">\r\n                                <a href=\"https:\/\/acc.ueuromed.org\/en\/2026\/09\/01\/du-desordre-international-a-un-nouvel-ordre-mondial-le-regard-du-sud-global\/\"><img fetchpriority=\"high\" decoding=\"async\" class=\"disable-lazy no-lazyload \" src=\"https:\/\/acc.ueuromed.org\/wp-content\/uploads\/2026\/09\/2026-09-01-at-10.37.38-scaled-600x414.jpeg\" width=\"600\" height=\"414\" alt=\"Le Pr. Abdelhak Azzouzi, Pr\u00e9sident de la Chaire des Nations Unies pour l\u2019Alliance des Civilisations et membre du Conseil d\u2019administration de l\u2019Universit\u00e9 Euromed de F\u00e8s, a particip\u00e9 au forum international \u00ab Quo Vadis Europa? \u00bb, organis\u00e9 \u00e0 l\u2019Universit\u00e9 Internationale Men\u00e9ndez Pelayo (UIMP) \u00e0 Santander, en Espagne, \u00e0 l\u2019invitation de S.E. Josep Borrell, ancien Haut Repr\u00e9sentant de l\u2019Union europ\u00e9enne pour les affaires \u00e9trang\u00e8res et la politique de s\u00e9curit\u00e9.\" title=\"2026-09-01 at 10.37.38\" \/><\/a>\r\n                            <\/div>\r\n                                                <div class=\"entry-body\">\r\n                            <div class=\"entry-holder\">\r\n                                                                    <ul class=\"entry-meta\">\r\n                                                                                    <li class=\"item-date\"><i class=\"fac fac-calendar-alt\"><\/i>01\/09\/2026<\/li>\r\n                                                                                                                    <\/ul>\r\n                                                                <h3 class=\"entry-title\"><a href=\"https:\/\/acc.ueuromed.org\/en\/2026\/09\/01\/du-desordre-international-a-un-nouvel-ordre-mondial-le-regard-du-sud-global\/\">From International Disorder to a New World Order: A View from the Global South<\/a><\/h3>\r\n                                                                    <div class=\"entry-readmore\">\r\n                                        <a href=\"https:\/\/acc.ueuromed.org\/en\/2026\/09\/01\/du-desordre-international-a-un-nouvel-ordre-mondial-le-regard-du-sud-global\/\">\r\n                                            Lire la suite                                            <i class=\"fac fac-angle-double-right space-left\"><\/i>\r\n                                        <\/a>\r\n                                    <\/div>\r\n                                                            <\/div>\r\n                        <\/div>\r\n                    <\/div>\r\n                <\/div>\r\n                            <div class=\"grid-item col-xl-3 col-lg-4 col-md-4 col-sm-6 col-12 filter-category-66\">\r\n                    <div class=\"grid-item-inner \">\r\n                                                    <div class=\"entry-featured\">\r\n                                <a href=\"https:\/\/acc.ueuromed.org\/en\/2026\/07\/08\/participation-in-the-10th-summit-of-the-speakers-of-parliament-of-the-parliamentary-assembly-of-the-union-for-the-mediterranean-pa-ufm-2026\/\"><img decoding=\"async\" class=\"disable-lazy no-lazyload \" src=\"https:\/\/acc.ueuromed.org\/wp-content\/uploads\/2026\/07\/pic-01-600x414.webp\" width=\"600\" height=\"414\" alt=\"pic 01\" title=\"pic 01\" \/><\/a>\r\n                            <\/div>\r\n                                                <div class=\"entry-body\">\r\n                            <div class=\"entry-holder\">\r\n                                                                    <ul class=\"entry-meta\">\r\n                                                                                    <li class=\"item-date\"><i class=\"fac fac-calendar-alt\"><\/i>08\/07\/2026<\/li>\r\n                                                                                                                    <\/ul>\r\n                                                                <h3 class=\"entry-title\"><a href=\"https:\/\/acc.ueuromed.org\/en\/2026\/07\/08\/participation-in-the-10th-summit-of-the-speakers-of-parliament-of-the-parliamentary-assembly-of-the-union-for-the-mediterranean-pa-ufm-2026\/\">Participation in the 10th Summit of the Speakers of Parliament of the Parliamentary Assembly of the Union for the Mediterranean (PA-UfM) &#8211; 2026<\/a><\/h3>\r\n                                                                    <div class=\"entry-readmore\">\r\n                                        <a href=\"https:\/\/acc.ueuromed.org\/en\/2026\/07\/08\/participation-in-the-10th-summit-of-the-speakers-of-parliament-of-the-parliamentary-assembly-of-the-union-for-the-mediterranean-pa-ufm-2026\/\">\r\n                                            Lire la suite                                            <i class=\"fac fac-angle-double-right space-left\"><\/i>\r\n                                        <\/a>\r\n                                    <\/div>\r\n                                                            <\/div>\r\n                        <\/div>\r\n                    <\/div>\r\n                <\/div>\r\n                            <div class=\"grid-item col-xl-3 col-lg-4 col-md-4 col-sm-6 col-12 filter-category-66\">\r\n                    <div class=\"grid-item-inner \">\r\n                                                    <div class=\"entry-featured\">\r\n                                <a href=\"https:\/\/acc.ueuromed.org\/en\/2026\/05\/20\/watch-the-full-forum-in-video\/\"><img decoding=\"async\" class=\"disable-lazy no-lazyload \" src=\"https:\/\/acc.ueuromed.org\/wp-content\/uploads\/2026\/05\/live-scaled-600x414.webp\" width=\"600\" height=\"414\" alt=\"live\" title=\"live\" \/><\/a>\r\n                            <\/div>\r\n                                                <div class=\"entry-body\">\r\n                            <div class=\"entry-holder\">\r\n                                                                    <ul class=\"entry-meta\">\r\n                                                                                    <li class=\"item-date\"><i class=\"fac fac-calendar-alt\"><\/i>20\/05\/2026<\/li>\r\n                                                                                                                    <\/ul>\r\n                                                                <h3 class=\"entry-title\"><a href=\"https:\/\/acc.ueuromed.org\/en\/2026\/05\/20\/watch-the-full-forum-in-video\/\">Access the full proceedings of the Euromed University of Fes Meetings on the Alliance of Civilizations &#8211; 2026<\/a><\/h3>\r\n                                                                    <div class=\"entry-readmore\">\r\n                                        <a href=\"https:\/\/acc.ueuromed.org\/en\/2026\/05\/20\/watch-the-full-forum-in-video\/\">\r\n                                            Lire la suite                                            <i class=\"fac fac-angle-double-right space-left\"><\/i>\r\n                                        <\/a>\r\n                                    <\/div>\r\n                                                            <\/div>\r\n                        <\/div>\r\n                    <\/div>\r\n                <\/div>\r\n                            <div class=\"grid-item col-xl-3 col-lg-4 col-md-4 col-sm-6 col-12 filter-category-66\">\r\n                    <div class=\"grid-item-inner \">\r\n                                                    <div class=\"entry-featured\">\r\n                                <a href=\"https:\/\/acc.ueuromed.org\/en\/2026\/05\/19\/synthese-generale\/\"><img loading=\"lazy\" decoding=\"async\" class=\"disable-lazy no-lazyload \" src=\"https:\/\/acc.ueuromed.org\/wp-content\/uploads\/2026\/04\/DSC01372-600x414.webp\" width=\"600\" height=\"414\" alt=\"DSC01372\" title=\"DSC01372\" \/><\/a>\r\n                            <\/div>\r\n                                                <div class=\"entry-body\">\r\n                            <div class=\"entry-holder\">\r\n                                                                    <ul class=\"entry-meta\">\r\n                                                                                    <li class=\"item-date\"><i class=\"fac fac-calendar-alt\"><\/i>19\/05\/2026<\/li>\r\n                                                                                                                    <\/ul>\r\n                                                                <h3 class=\"entry-title\"><a href=\"https:\/\/acc.ueuromed.org\/en\/2026\/05\/19\/synthese-generale\/\">General Synthesis of the Meetings of the Euromed University of Fez on the Alliance of Civilizations &#8211; 2026<\/a><\/h3>\r\n                                                                    <div class=\"entry-readmore\">\r\n                                        <a href=\"https:\/\/acc.ueuromed.org\/en\/2026\/05\/19\/synthese-generale\/\">\r\n                                            Lire la suite                                            <i class=\"fac fac-angle-double-right space-left\"><\/i>\r\n                                        <\/a>\r\n                                    <\/div>\r\n                                                            <\/div>\r\n                        <\/div>\r\n                    <\/div>\r\n                <\/div>\r\n                            <div class=\"grid-item col-xl-3 col-lg-4 col-md-4 col-sm-6 col-12 filter-category-33 filter-category-66\">\r\n                    <div class=\"grid-item-inner \">\r\n                                                    <div class=\"entry-featured\">\r\n                                <a href=\"https:\/\/acc.ueuromed.org\/en\/2026\/05\/18\/fez-call\/\"><img loading=\"lazy\" decoding=\"async\" class=\"disable-lazy no-lazyload \" src=\"https:\/\/acc.ueuromed.org\/wp-content\/uploads\/2026\/04\/DSC01351-600x414.webp\" width=\"600\" height=\"414\" alt=\"DSC01351\" title=\"DSC01351\" \/><\/a>\r\n                            <\/div>\r\n                                                <div class=\"entry-body\">\r\n                            <div class=\"entry-holder\">\r\n                                                                    <ul class=\"entry-meta\">\r\n                                                                                    <li class=\"item-date\"><i class=\"fac fac-calendar-alt\"><\/i>18\/05\/2026<\/li>\r\n                                                                                                                    <\/ul>\r\n                                                                <h3 class=\"entry-title\"><a href=\"https:\/\/acc.ueuromed.org\/en\/2026\/05\/18\/fez-call\/\">Fez Call &#8211;  The Euromed University of Fes Meetings on\u202d \u202cthe Alliance of Civilizations &#8211; 2026<\/a><\/h3>\r\n                                                                    <div class=\"entry-readmore\">\r\n                                        <a href=\"https:\/\/acc.ueuromed.org\/en\/2026\/05\/18\/fez-call\/\">\r\n                                            Lire la suite                                            <i class=\"fac fac-angle-double-right space-left\"><\/i>\r\n                                        <\/a>\r\n                                    <\/div>\r\n                                                            <\/div>\r\n                        <\/div>\r\n                    <\/div>\r\n                <\/div>\r\n                            <div class=\"grid-item col-xl-3 col-lg-4 col-md-4 col-sm-6 col-12 filter-category-66\">\r\n                    <div class=\"grid-item-inner \">\r\n                                                    <div class=\"entry-featured\">\r\n                                <a href=\"https:\/\/acc.ueuromed.org\/en\/2026\/05\/01\/closing-ceremony-of-the-training-program\/\"><img loading=\"lazy\" decoding=\"async\" class=\"disable-lazy no-lazyload \" src=\"https:\/\/acc.ueuromed.org\/wp-content\/uploads\/2026\/05\/master-stage-06-600x414.webp\" width=\"600\" height=\"414\" alt=\"master stage 06\" title=\"master stage 06\" \/><\/a>\r\n                            <\/div>\r\n                                                <div class=\"entry-body\">\r\n                            <div class=\"entry-holder\">\r\n                                                                    <ul class=\"entry-meta\">\r\n                                                                                    <li class=\"item-date\"><i class=\"fac fac-calendar-alt\"><\/i>01\/05\/2026<\/li>\r\n                                                                                                                    <\/ul>\r\n                                                                <h3 class=\"entry-title\"><a href=\"https:\/\/acc.ueuromed.org\/en\/2026\/05\/01\/closing-ceremony-of-the-training-program\/\">Closing Ceremony of the Training Program<\/a><\/h3>\r\n                                                                    <div class=\"entry-readmore\">\r\n                                        <a href=\"https:\/\/acc.ueuromed.org\/en\/2026\/05\/01\/closing-ceremony-of-the-training-program\/\">\r\n                                            Lire la suite                                            <i class=\"fac fac-angle-double-right space-left\"><\/i>\r\n                                        <\/a>\r\n                                    <\/div>\r\n                                                            <\/div>\r\n                        <\/div>\r\n                    <\/div>\r\n                <\/div>\r\n                <\/div>\r\n        <\/div>\t\t\t\t<\/div>\n\t\t\t\t<\/div>\n\t\t\t\t\t<\/div>\n\t\t\t\t<\/div>\n\t\t\t\t<\/div>\n\t\t","protected":false},"excerpt":{"rendered":"<p>Inauguration of The United Nations Chair for the Alliance of Civilizations In his speech a few days ago at the 10th Global Forum of the Alliance of Civilizations, held in Cascais near Lisbon, Mr. Nasser Bourita, Minister of Foreign Affairs, African Cooperation, and Moroccan Expatriates, concluded by expressing Morocco\u2019s satisfaction with the launch of the [&hellip;]<\/p>\n","protected":false},"author":1,"featured_media":10508,"comment_status":"closed","ping_status":"open","sticky":false,"template":"elementor_header_footer","format":"standard","meta":{"_angie_page":false,"cybocfi_hide_featured_image":"yes","page_builder":"","footnotes":""},"categories":[33,66],"tags":[],"class_list":["post-10507","post","type-post","status-publish","format-standard","has-post-thumbnail","hentry","category-activites-et-forums","category-activites-et-forums-en"],"_links":{"self":[{"href":"https:\/\/acc.ueuromed.org\/en\/wp-json\/wp\/v2\/posts\/10507","targetHints":{"allow":["GET"]}}],"collection":[{"href":"https:\/\/acc.ueuromed.org\/en\/wp-json\/wp\/v2\/posts"}],"about":[{"href":"https:\/\/acc.ueuromed.org\/en\/wp-json\/wp\/v2\/types\/post"}],"author":[{"embeddable":true,"href":"https:\/\/acc.ueuromed.org\/en\/wp-json\/wp\/v2\/users\/1"}],"replies":[{"embeddable":true,"href":"https:\/\/acc.ueuromed.org\/en\/wp-json\/wp\/v2\/comments?post=10507"}],"version-history":[{"count":14,"href":"https:\/\/acc.ueuromed.org\/en\/wp-json\/wp\/v2\/posts\/10507\/revisions"}],"predecessor-version":[{"id":13563,"href":"https:\/\/acc.ueuromed.org\/en\/wp-json\/wp\/v2\/posts\/10507\/revisions\/13563"}],"wp:featuredmedia":[{"embeddable":true,"href":"https:\/\/acc.ueuromed.org\/en\/wp-json\/wp\/v2\/media\/10508"}],"wp:attachment":[{"href":"https:\/\/acc.ueuromed.org\/en\/wp-json\/wp\/v2\/media?parent=10507"}],"wp:term":[{"taxonomy":"category","embeddable":true,"href":"https:\/\/acc.ueuromed.org\/en\/wp-json\/wp\/v2\/categories?post=10507"},{"taxonomy":"post_tag","embeddable":true,"href":"https:\/\/acc.ueuromed.org\/en\/wp-json\/wp\/v2\/tags?post=10507"}],"curies":[{"name":"wp","href":"https:\/\/api.w.org\/{rel}","templated":true}]}}